{"id":2904,"date":"2026-04-24T11:34:49","date_gmt":"2026-04-24T09:34:49","guid":{"rendered":"https:\/\/fv-montanregion-erzgebirge.de\/montan\/?p=2904"},"modified":"2026-04-29T11:47:51","modified_gmt":"2026-04-29T09:47:51","slug":"fuehrungen-muldenhuetten","status":"publish","type":"post","link":"https:\/\/fv-montanregion-erzgebirge.de\/montan\/fuehrungen-muldenhuetten\/","title":{"rendered":"F\u00fchrungen Muldenh\u00fctten"},"content":{"rendered":"<div class='flex_column av-6k5nc8-f4905fcd77544983104d45375a1b60fb av_one_full  avia-builder-el-0  el_before_av_two_third  avia-builder-el-first  first flex_column_div '     ><style type=\"text\/css\" data-created_by=\"avia_inline_auto\" id=\"style-css-av-moju954n-5c4985b6e0c53f2bc077a07d93dda748\">\n#top .av-special-heading.av-moju954n-5c4985b6e0c53f2bc077a07d93dda748{\npadding-bottom:10px;\n}\nbody .av-special-heading.av-moju954n-5c4985b6e0c53f2bc077a07d93dda748 .av-special-heading-tag .heading-char{\nfont-size:25px;\n}\n.av-special-heading.av-moju954n-5c4985b6e0c53f2bc077a07d93dda748 .av-subheading{\nfont-size:15px;\n}\n<\/style>\n<div  class='av-special-heading av-moju954n-5c4985b6e0c53f2bc077a07d93dda748 av-special-heading-h3  avia-builder-el-1  avia-builder-el-no-sibling '><h3 class='av-special-heading-tag'  itemprop=\"headline\"  >F\u00fchrungen Muldenh\u00fctten<\/h3><div class=\"special-heading-border\"><div class=\"special-heading-inner-border\"><\/div><\/div><\/div><\/div>\n<div class='flex_column av-4cqf8o-85b128ac54f2e4e9831be7e31afb91f7 av_two_third  avia-builder-el-2  el_after_av_one_full  el_before_av_one_third  first flex_column_div column-top-margin'     ><style type=\"text\/css\" data-created_by=\"avia_inline_auto\" id=\"style-css-av-mojuh5km-02e2696b55dc2286a375cb43fb662c68\">\n.avia-image-container.av-mojuh5km-02e2696b55dc2286a375cb43fb662c68 img.avia_image{\nbox-shadow:none;\n}\n.avia-image-container.av-mojuh5km-02e2696b55dc2286a375cb43fb662c68 .av-image-caption-overlay-center{\ncolor:#ffffff;\n}\n<\/style>\n<div  class='avia-image-container av-mojuh5km-02e2696b55dc2286a375cb43fb662c68 av-styling- avia-align-center  avia-builder-el-3  avia-builder-el-no-sibling  av-has-copyright av-copyright-icon-reveal'   itemprop=\"image\" itemscope=\"itemscope\" itemtype=\"https:\/\/schema.org\/ImageObject\" ><div class=\"avia-image-container-inner\"><div class=\"avia-image-overlay-wrap\"><a href=\"https:\/\/fv-montanregion-erzgebirge.de\/montan\/wp-content\/uploads\/2026\/04\/26_04-MH-Fuehrungen-728x1030.png\" data-srcset=\"https:\/\/fv-montanregion-erzgebirge.de\/montan\/wp-content\/uploads\/2026\/04\/26_04-MH-Fuehrungen-728x1030.png 728w, https:\/\/fv-montanregion-erzgebirge.de\/montan\/wp-content\/uploads\/2026\/04\/26_04-MH-Fuehrungen-212x300.png 212w, https:\/\/fv-montanregion-erzgebirge.de\/montan\/wp-content\/uploads\/2026\/04\/26_04-MH-Fuehrungen-768x1086.png 768w, https:\/\/fv-montanregion-erzgebirge.de\/montan\/wp-content\/uploads\/2026\/04\/26_04-MH-Fuehrungen-1086x1536.png 1086w, https:\/\/fv-montanregion-erzgebirge.de\/montan\/wp-content\/uploads\/2026\/04\/26_04-MH-Fuehrungen-1061x1500.png 1061w, https:\/\/fv-montanregion-erzgebirge.de\/montan\/wp-content\/uploads\/2026\/04\/26_04-MH-Fuehrungen-498x705.png 498w, https:\/\/fv-montanregion-erzgebirge.de\/montan\/wp-content\/uploads\/2026\/04\/26_04-MH-Fuehrungen.png 1414w\" data-sizes=\"(max-width: 728px) 100vw, 728px\" class='avia_image' ><img decoding=\"async\" class='wp-image-2922 avia-img-lazy-loading-not-2922 avia_image ' src=\"https:\/\/fv-montanregion-erzgebirge.de\/montan\/wp-content\/uploads\/2026\/04\/26_04-MH-Fuehrungen-728x1030.png\" alt='' title='26_04-MH-F\u00fchrungen'  height=\"1030\" width=\"728\"  itemprop=\"thumbnailUrl\" srcset=\"https:\/\/fv-montanregion-erzgebirge.de\/montan\/wp-content\/uploads\/2026\/04\/26_04-MH-Fuehrungen-728x1030.png 728w, https:\/\/fv-montanregion-erzgebirge.de\/montan\/wp-content\/uploads\/2026\/04\/26_04-MH-Fuehrungen-212x300.png 212w, https:\/\/fv-montanregion-erzgebirge.de\/montan\/wp-content\/uploads\/2026\/04\/26_04-MH-Fuehrungen-768x1086.png 768w, https:\/\/fv-montanregion-erzgebirge.de\/montan\/wp-content\/uploads\/2026\/04\/26_04-MH-Fuehrungen-1086x1536.png 1086w, https:\/\/fv-montanregion-erzgebirge.de\/montan\/wp-content\/uploads\/2026\/04\/26_04-MH-Fuehrungen-1061x1500.png 1061w, https:\/\/fv-montanregion-erzgebirge.de\/montan\/wp-content\/uploads\/2026\/04\/26_04-MH-Fuehrungen-498x705.png 498w, https:\/\/fv-montanregion-erzgebirge.de\/montan\/wp-content\/uploads\/2026\/04\/26_04-MH-Fuehrungen.png 1414w\" sizes=\"(max-width: 728px) 100vw, 728px\" \/><\/a><\/div><small class=\"avia-copyright\">Foto Tim Fischer 2025<\/small><\/div><\/div><\/div>\n<div class='flex_column av-2198ig-3c9fc4ddab7222c96871ce750e89e3b4 av_one_third  avia-builder-el-4  el_after_av_two_third  avia-builder-el-last  flex_column_div column-top-margin'     ><section  class='av_textblock_section av-mojudgsa-e6db0cff02db988ca8ca0a586e7f450c'  itemscope=\"itemscope\" itemtype=\"https:\/\/schema.org\/BlogPosting\" itemprop=\"blogPost\" ><div class='avia_textblock'  itemprop=\"text\" ><p><span class=\"break-words tvm-parent-container\"><span dir=\"ltr\">Mit seiner \u00fcber 800-j\u00e4hrigen Geschichte ist Muldenh\u00fctten einer der am l\u00e4ngsten durchgehend genutzten H\u00fcttenstandorte weltweit und seit 2019 Bestandteil des UNESCO-Welterbes Montanregion Erzgebirge\/Kru\u0161noho\u0159\u00ed. Um den historischen Teil von Muldenh\u00fctten erlebbar zu machen, bieten der F\u00f6rderverein Montanregion Erzgebirge und der Fremdenverkehrsverein Freiberg von April bis Oktober monatlich, jeweils am ersten Samstag des Monats um 14 Uhr, \u00f6ffentliche F\u00fchrungen im alten Schachtofengel\u00e4nde und Huthaus an. Zu erleben sind Geb\u00e4ude und technische Anlagen des H\u00fcttenwesens aus dem 18. bis 20. Jahrhundert sowie eine Ausstellung zur Geschichte des bis heute genutzten Standortes. <\/span><\/span><span class=\"break-words tvm-parent-container\"><span dir=\"ltr\"><strong>Termine in diesem Jahr: 02.05., 06.06., 04.07., 01.08., 05.09. und 03.10. jeweils 14 Uhr.<\/strong> <\/span><\/span> <span class=\"break-words tvm-parent-container\"><span dir=\"ltr\">Treffpunkt zu den F\u00fchrungen ist die Einfahrt zum Schachtofengel\u00e4nde und Betriebsgel\u00e4nde der Firma Schiwa Profile, nach der Muldenbr\u00fccke links (ein Parkplatz befindet sich vor der Muldenbr\u00fccke). Teilnahmegeb\u00fchr 5 EUR\/Person, Kinder und Jugendliche bis 14 Jahren 3 EUR\/Person.<\/span><\/span><\/p>\n<p>Eine Anmeldung ist nicht erforderlich. F\u00fcr R\u00fcckfragen stehen wir gern zur Verf\u00fcgung: <a href=\"mailto:kontakt@fv-montanregion-erzgebirge.de\">kontakt@fv-montanregion-erzgebirge.de<\/a><\/p>\n<\/div><\/section><\/div>\n","protected":false},"excerpt":{"rendered":"<p>Nicht vergessen! F\u00fchrung \u00fcber das historische H\u00fcttengel\u00e4nde.<br \/>\nN\u00e4chster Termin: 2. Mai 2026<\/p>\n","protected":false},"author":10,"featured_media":2908,"comment_status":"closed","ping_status":"open","sticky":false,"template":"","format":"standard","meta":{"footnotes":""},"categories":[1,2,60],"tags":[61,18,66,62,17,29],"class_list":["post-2904","post","type-post","status-publish","format-standard","has-post-thumbnail","hentry","category-allgemein","category-news","category-veranstaltungen","tag-ausstellung","tag-freiberg","tag-fuehrung","tag-huettenwesen","tag-montanregion","tag-muldenhuetten"],"_links":{"self":[{"href":"https:\/\/fv-montanregion-erzgebirge.de\/montan\/wp-json\/wp\/v2\/posts\/2904","targetHints":{"allow":["GET"]}}],"collection":[{"href":"https:\/\/fv-montanregion-erzgebirge.de\/montan\/wp-json\/wp\/v2\/posts"}],"about":[{"href":"https:\/\/fv-montanregion-erzgebirge.de\/montan\/wp-json\/wp\/v2\/types\/post"}],"author":[{"embeddable":true,"href":"https:\/\/fv-montanregion-erzgebirge.de\/montan\/wp-json\/wp\/v2\/users\/10"}],"replies":[{"embeddable":true,"href":"https:\/\/fv-montanregion-erzgebirge.de\/montan\/wp-json\/wp\/v2\/comments?post=2904"}],"version-history":[{"count":16,"href":"https:\/\/fv-montanregion-erzgebirge.de\/montan\/wp-json\/wp\/v2\/posts\/2904\/revisions"}],"predecessor-version":[{"id":2941,"href":"https:\/\/fv-montanregion-erzgebirge.de\/montan\/wp-json\/wp\/v2\/posts\/2904\/revisions\/2941"}],"wp:featuredmedia":[{"embeddable":true,"href":"https:\/\/fv-montanregion-erzgebirge.de\/montan\/wp-json\/wp\/v2\/media\/2908"}],"wp:attachment":[{"href":"https:\/\/fv-montanregion-erzgebirge.de\/montan\/wp-json\/wp\/v2\/media?parent=2904"}],"wp:term":[{"taxonomy":"category","embeddable":true,"href":"https:\/\/fv-montanregion-erzgebirge.de\/montan\/wp-json\/wp\/v2\/categories?post=2904"},{"taxonomy":"post_tag","embeddable":true,"href":"https:\/\/fv-montanregion-erzgebirge.de\/montan\/wp-json\/wp\/v2\/tags?post=2904"}],"curies":[{"name":"wp","href":"https:\/\/api.w.org\/{rel}","templated":true}]}}