{"id":2604,"date":"2024-11-29T11:32:45","date_gmt":"2024-11-29T10:32:45","guid":{"rendered":"https:\/\/fv-montanregion-erzgebirge.de\/montan\/?p=2604"},"modified":"2024-12-18T11:44:56","modified_gmt":"2024-12-18T10:44:56","slug":"abschlussworkshop-fundraising-projekt","status":"publish","type":"post","link":"https:\/\/fv-montanregion-erzgebirge.de\/montan\/abschlussworkshop-fundraising-projekt\/","title":{"rendered":"Abschluss Fundraising-Projekt"},"content":{"rendered":"<div class='flex_column av-8vdebw-26edc8e4166c9a51c2783268e9a476db av_one_third  avia-builder-el-0  el_before_av_two_third  avia-builder-el-first  first flex_column_div '     ><div  class='avia-slideshow av-m4tr4hww-4a6d049e31b7eb67fe478a1f77a4d34d avia-slideshow-portfolio av_slideshow avia-slide-slider  avia-builder-el-1  avia-builder-el-no-sibling  av-slideshow-ui av-control-default av-slideshow-manual av-loop-once av-loop-manual-endless av-default-height-applied avia-slideshow-1' data-slideshow-options=\"{&quot;animation&quot;:&quot;slide&quot;,&quot;autoplay&quot;:false,&quot;loop_autoplay&quot;:&quot;once&quot;,&quot;interval&quot;:5,&quot;loop_manual&quot;:&quot;manual-endless&quot;,&quot;autoplay_stopper&quot;:false,&quot;noNavigation&quot;:false,&quot;bg_slider&quot;:false,&quot;keep_padding&quot;:false,&quot;hoverpause&quot;:false,&quot;show_slide_delay&quot;:0}\"  itemprop=\"image\" itemscope=\"itemscope\" itemtype=\"https:\/\/schema.org\/ImageObject\" ><ul class='avia-slideshow-inner ' style='padding-bottom: 80.808080808081%;'><li  class='avia-slideshow-slide av-m4tr4hww-4a6d049e31b7eb67fe478a1f77a4d34d__0  slide-1 slide-odd'><div data-rel='slideshow-1' class='avia-slide-wrap '   ><img decoding=\"async\" class=\"wp-image-2605 avia-img-lazy-loading-not-2605\"  src=\"https:\/\/fv-montanregion-erzgebirge.de\/montan\/wp-content\/uploads\/2024\/12\/24_11_28-Fundraising-Abschluss_1-495x400.jpg\" width=\"495\" height=\"400\" title='24_11_28-Fundraising-Abschluss_1' alt=''  itemprop=\"thumbnailUrl\" srcset=\"https:\/\/fv-montanregion-erzgebirge.de\/montan\/wp-content\/uploads\/2024\/12\/24_11_28-Fundraising-Abschluss_1-495x400.jpg 495w, https:\/\/fv-montanregion-erzgebirge.de\/montan\/wp-content\/uploads\/2024\/12\/24_11_28-Fundraising-Abschluss_1-845x684.jpg 845w\" sizes=\"(max-width: 495px) 100vw, 495px\" \/><\/div><\/li><li  class='avia-slideshow-slide av-m4tr4hww-4a6d049e31b7eb67fe478a1f77a4d34d__1  slide-2 slide-even'><div data-rel='slideshow-1' class='avia-slide-wrap '   ><img decoding=\"async\" class=\"wp-image-2609 avia-img-lazy-loading-not-2609\"  src=\"https:\/\/fv-montanregion-erzgebirge.de\/montan\/wp-content\/uploads\/2024\/12\/IMG_0799-495x400.jpg\" width=\"495\" height=\"400\" title='IMG_0799' alt=''  itemprop=\"thumbnailUrl\" srcset=\"https:\/\/fv-montanregion-erzgebirge.de\/montan\/wp-content\/uploads\/2024\/12\/IMG_0799-495x400.jpg 495w, https:\/\/fv-montanregion-erzgebirge.de\/montan\/wp-content\/uploads\/2024\/12\/IMG_0799-845x684.jpg 845w\" sizes=\"(max-width: 495px) 100vw, 495px\" \/><\/div><\/li><li  class='avia-slideshow-slide av-m4tr4hww-4a6d049e31b7eb67fe478a1f77a4d34d__2  slide-3 slide-odd'><div data-rel='slideshow-1' class='avia-slide-wrap '   ><img decoding=\"async\" class=\"wp-image-2606 avia-img-lazy-loading-not-2606\"  src=\"https:\/\/fv-montanregion-erzgebirge.de\/montan\/wp-content\/uploads\/2024\/12\/24_11_28-Fundraising-Abschluss_2-495x400.jpg\" width=\"495\" height=\"400\" title='24_11_28-Fundraising-Abschluss_2' alt=''  itemprop=\"thumbnailUrl\" srcset=\"https:\/\/fv-montanregion-erzgebirge.de\/montan\/wp-content\/uploads\/2024\/12\/24_11_28-Fundraising-Abschluss_2-495x400.jpg 495w, https:\/\/fv-montanregion-erzgebirge.de\/montan\/wp-content\/uploads\/2024\/12\/24_11_28-Fundraising-Abschluss_2-845x684.jpg 845w\" sizes=\"(max-width: 495px) 100vw, 495px\" \/><\/div><\/li><\/ul><div class='avia-slideshow-arrows avia-slideshow-controls' ><a href='#prev' class='prev-slide ' aria-hidden='true' data-av_icon='\ue87c' data-av_iconfont='entypo-fontello'  tabindex='-1'>Zur\u00fcck<\/a><a href='#next' class='next-slide ' aria-hidden='true' data-av_icon='\ue87d' data-av_iconfont='entypo-fontello'  tabindex='-1'>Weiter<\/a><\/div><div class='avia-slideshow-dots avia-slideshow-controls'><a href='#1' class='goto-slide active' >1<\/a><a href='#2' class='goto-slide ' >2<\/a><a href='#3' class='goto-slide ' >3<\/a><\/div><\/div><\/div>\n<div class='flex_column av-1wjovw-107dcc5eea0beee3c19f27f980fc4951 av_two_third  avia-builder-el-2  el_after_av_one_third  avia-builder-el-last  flex_column_div '     ><p>\n<style type=\"text\/css\" data-created_by=\"avia_inline_auto\" id=\"style-css-av-m4tqynnp-8c85bbaeca33d2841691b7cc889cf07a\">\n#top .av-special-heading.av-m4tqynnp-8c85bbaeca33d2841691b7cc889cf07a{\npadding-bottom:10px;\n}\nbody .av-special-heading.av-m4tqynnp-8c85bbaeca33d2841691b7cc889cf07a .av-special-heading-tag .heading-char{\nfont-size:25px;\n}\n.av-special-heading.av-m4tqynnp-8c85bbaeca33d2841691b7cc889cf07a .av-subheading{\nfont-size:15px;\n}\n<\/style>\n<div  class='av-special-heading av-m4tqynnp-8c85bbaeca33d2841691b7cc889cf07a av-special-heading-h3  avia-builder-el-3  el_before_av_textblock  avia-builder-el-first '><h3 class='av-special-heading-tag'  itemprop=\"headline\"  >LEADER-Projekt zur Erarbeitung eines Fundraisingkonzeptes wird abgeschlossen<\/h3><div class=\"special-heading-border\"><div class=\"special-heading-inner-border\"><\/div><\/div><\/div><br \/>\n<section  class='av_textblock_section av-m4tr3jmj-b2c063a4267fcdc39362fdc05767f13b'  itemscope=\"itemscope\" itemtype=\"https:\/\/schema.org\/BlogPosting\" itemprop=\"blogPost\" ><div class='avia_textblock'  itemprop=\"text\" ><p><span class=\"break-words tvm-parent-container\"><span dir=\"ltr\">Am 28. November 2024 fand das abschlie\u00dfende Treffen des Vorstands im Rahmen des LEADER-gef\u00f6rderten Projekts zur Erstellung eines Fundraisingskonzept f\u00fcr den F\u00f6rderverein statt.<br \/>\nW\u00e4hrend des Abschlussworkshops wurden die Ergebnisse der letzten zwei Jahre pr\u00e4sentiert. Gleichzeitig wurden Pl\u00e4ne f\u00fcr die zuk\u00fcnftige Weiterentwicklung diskutiert, um die nachhaltige F\u00f6rderung unserer Aktivit\u00e4ten zu sichern. Um auch in diesem Bereich die Zusammenarbeit zu festigen, nahm auch der Gesch\u00e4ftsf\u00fchrer des <\/span><\/span>Welterbe Montanregion Erzgebirge e.V., Steve Ittershagen, an diesem Treffen teil.<\/p>\n<p><span class=\"break-words tvm-parent-container\"><span dir=\"ltr\"><br \/>\nVielen Dank an Frau Doris Voll f\u00fcr die Zusammenarbeit und ihr Engagement sowie allen Teilnehmern f\u00fcr die angeregte und kosntruktive Diskussion!<br \/>\n<\/span><\/span><\/p>\n<\/div><\/section><br \/>\n\n<style type=\"text\/css\" data-created_by=\"avia_inline_auto\" id=\"style-css-av-m4tr77b4-00b88a25ecea9bb9777a378c186f6c36\">\n.avia-image-container.av-m4tr77b4-00b88a25ecea9bb9777a378c186f6c36 img.avia_image{\nbox-shadow:none;\n}\n.avia-image-container.av-m4tr77b4-00b88a25ecea9bb9777a378c186f6c36 .av-image-caption-overlay-center{\ncolor:#ffffff;\n}\n<\/style>\n<div  class='avia-image-container av-m4tr77b4-00b88a25ecea9bb9777a378c186f6c36 av-styling- avia-align-center  avia-builder-el-5  el_after_av_textblock  avia-builder-el-last '   itemprop=\"image\" itemscope=\"itemscope\" itemtype=\"https:\/\/schema.org\/ImageObject\" ><div class=\"avia-image-container-inner\"><div class=\"avia-image-overlay-wrap\"><img decoding=\"async\" class='wp-image-2322 avia-img-lazy-loading-not-2322 avia_image ' src=\"https:\/\/fv-montanregion-erzgebirge.de\/montan\/wp-content\/uploads\/2024\/02\/LEADER-LOGO-300x66.png\" alt='' title='LEADER-LOGO'  height=\"66\" width=\"300\"  itemprop=\"thumbnailUrl\" srcset=\"https:\/\/fv-montanregion-erzgebirge.de\/montan\/wp-content\/uploads\/2024\/02\/LEADER-LOGO-300x66.png 300w, https:\/\/fv-montanregion-erzgebirge.de\/montan\/wp-content\/uploads\/2024\/02\/LEADER-LOGO.png 510w\" sizes=\"(max-width: 300px) 100vw, 300px\" \/><\/div><\/div><\/div><\/p><\/div>\n","protected":false},"excerpt":{"rendered":"<p>Am 28. November fand der Abschlussworkshop unseres LEADER-gef\u00f6rderten Fundraising-Projekts statt.<\/p>\n","protected":false},"author":10,"featured_media":2605,"comment_status":"closed","ping_status":"open","sticky":false,"template":"","format":"standard","meta":{"footnotes":""},"categories":[24,2],"tags":[55,46,39],"class_list":["post-2604","post","type-post","status-publish","format-standard","has-post-thumbnail","hentry","category-fundraising","category-news","tag-fundraising","tag-projekte","tag-vereine"],"_links":{"self":[{"href":"https:\/\/fv-montanregion-erzgebirge.de\/montan\/wp-json\/wp\/v2\/posts\/2604","targetHints":{"allow":["GET"]}}],"collection":[{"href":"https:\/\/fv-montanregion-erzgebirge.de\/montan\/wp-json\/wp\/v2\/posts"}],"about":[{"href":"https:\/\/fv-montanregion-erzgebirge.de\/montan\/wp-json\/wp\/v2\/types\/post"}],"author":[{"embeddable":true,"href":"https:\/\/fv-montanregion-erzgebirge.de\/montan\/wp-json\/wp\/v2\/users\/10"}],"replies":[{"embeddable":true,"href":"https:\/\/fv-montanregion-erzgebirge.de\/montan\/wp-json\/wp\/v2\/comments?post=2604"}],"version-history":[{"count":6,"href":"https:\/\/fv-montanregion-erzgebirge.de\/montan\/wp-json\/wp\/v2\/posts\/2604\/revisions"}],"predecessor-version":[{"id":2618,"href":"https:\/\/fv-montanregion-erzgebirge.de\/montan\/wp-json\/wp\/v2\/posts\/2604\/revisions\/2618"}],"wp:featuredmedia":[{"embeddable":true,"href":"https:\/\/fv-montanregion-erzgebirge.de\/montan\/wp-json\/wp\/v2\/media\/2605"}],"wp:attachment":[{"href":"https:\/\/fv-montanregion-erzgebirge.de\/montan\/wp-json\/wp\/v2\/media?parent=2604"}],"wp:term":[{"taxonomy":"category","embeddable":true,"href":"https:\/\/fv-montanregion-erzgebirge.de\/montan\/wp-json\/wp\/v2\/categories?post=2604"},{"taxonomy":"post_tag","embeddable":true,"href":"https:\/\/fv-montanregion-erzgebirge.de\/montan\/wp-json\/wp\/v2\/tags?post=2604"}],"curies":[{"name":"wp","href":"https:\/\/api.w.org\/{rel}","templated":true}]}}