{"id":1994,"date":"2023-02-07T11:40:00","date_gmt":"2023-02-07T10:40:00","guid":{"rendered":"https:\/\/fv-montanregion-erzgebirge.de\/montan\/?p=1994"},"modified":"2023-04-25T14:01:29","modified_gmt":"2023-04-25T12:01:29","slug":"kick-off-fundraising-projekt","status":"publish","type":"post","link":"https:\/\/fv-montanregion-erzgebirge.de\/montan\/kick-off-fundraising-projekt\/","title":{"rendered":"Kick-off Fundraising-Projekt"},"content":{"rendered":"<section  class='av_textblock_section av-lgw3h4yz-c539d39419ef13389999f304d2999ba5'  itemscope=\"itemscope\" itemtype=\"https:\/\/schema.org\/BlogPosting\" itemprop=\"blogPost\" ><div class='avia_textblock'  itemprop=\"text\" ><p>Das Jahr 2019 brachte uns den ersehnten Eintrag als Welterbe der UNESCO. Doch was nun? Der F\u00f6rderverein Montanregion Erzgebirge e. V. geht neue Wege: Wir f\u00f6rdern das montane Erbe der Region! Zahlreiche ehrenamtliche Vereine halten die montanistische Tradition des Erzgebirges am Leben. Sie m\u00f6chten wir unterst\u00fctzten. Projekte wie <a href=\"https:\/\/fv-montanregion-erzgebirge.de\/montan\/portfolio-item\/unser-welterbe\/\">Unser Welterbe<\/a> und <a href=\"https:\/\/fv-montanregion-erzgebirge.de\/montan\/portfolio-item\/berggeschrey\/\">Berggeschrey.2018<\/a> waren nur der Anfang.<\/p>\n<p>Ende 2022 startete dank LEADER-F\u00f6rderung unser ERLER-finanziertes Vorhaben zur Erstellung eines Fundraising-Konzeptes f\u00fcr den Verein. Bis August 2024 entwickeln wir mit erfahrenene Partnern eine Strategie um den Verein finanziell stark f\u00fcr die Zukunft zu machen.<\/p>\n<p>Weitere Informationen zum Zeitplan und den genauen Inhalten sowie Hinweisen wie Sie uns unterst\u00fctzen k\u00f6nnen folgen demn\u00e4chst hier auf einer eigenen Projektseite.<\/p>\n<p><img loading=\"lazy\" decoding=\"async\" class=\"alignleft size-medium wp-image-1995\" src=\"https:\/\/fv-montanregion-erzgebirge.de\/montan\/wp-content\/uploads\/2023\/04\/SMUL_LO_EPLR-RGB-RZ-klein-300x67.jpg\" alt=\"\" width=\"300\" height=\"67\" srcset=\"https:\/\/fv-montanregion-erzgebirge.de\/montan\/wp-content\/uploads\/2023\/04\/SMUL_LO_EPLR-RGB-RZ-klein-300x67.jpg 300w, https:\/\/fv-montanregion-erzgebirge.de\/montan\/wp-content\/uploads\/2023\/04\/SMUL_LO_EPLR-RGB-RZ-klein-1030x231.jpg 1030w, https:\/\/fv-montanregion-erzgebirge.de\/montan\/wp-content\/uploads\/2023\/04\/SMUL_LO_EPLR-RGB-RZ-klein-768x172.jpg 768w, https:\/\/fv-montanregion-erzgebirge.de\/montan\/wp-content\/uploads\/2023\/04\/SMUL_LO_EPLR-RGB-RZ-klein-705x158.jpg 705w, https:\/\/fv-montanregion-erzgebirge.de\/montan\/wp-content\/uploads\/2023\/04\/SMUL_LO_EPLR-RGB-RZ-klein.jpg 1051w\" sizes=\"auto, (max-width: 300px) 100vw, 300px\" \/><img loading=\"lazy\" decoding=\"async\" class=\"alignleft wp-image-1996\" src=\"https:\/\/fv-montanregion-erzgebirge.de\/montan\/wp-content\/uploads\/2023\/04\/leader_logo_rgb-298x300.jpg\" alt=\"\" width=\"67\" height=\"67\" srcset=\"https:\/\/fv-montanregion-erzgebirge.de\/montan\/wp-content\/uploads\/2023\/04\/leader_logo_rgb-298x300.jpg 298w, https:\/\/fv-montanregion-erzgebirge.de\/montan\/wp-content\/uploads\/2023\/04\/leader_logo_rgb-80x80.jpg 80w, https:\/\/fv-montanregion-erzgebirge.de\/montan\/wp-content\/uploads\/2023\/04\/leader_logo_rgb-768x773.jpg 768w, https:\/\/fv-montanregion-erzgebirge.de\/montan\/wp-content\/uploads\/2023\/04\/leader_logo_rgb-36x36.jpg 36w, https:\/\/fv-montanregion-erzgebirge.de\/montan\/wp-content\/uploads\/2023\/04\/leader_logo_rgb-180x180.jpg 180w, https:\/\/fv-montanregion-erzgebirge.de\/montan\/wp-content\/uploads\/2023\/04\/leader_logo_rgb-701x705.jpg 701w, https:\/\/fv-montanregion-erzgebirge.de\/montan\/wp-content\/uploads\/2023\/04\/leader_logo_rgb.jpg 1007w\" sizes=\"auto, (max-width: 67px) 100vw, 67px\" \/><\/p>\n<\/div><\/section>\n","protected":false},"excerpt":{"rendered":"","protected":false},"author":10,"featured_media":446,"comment_status":"closed","ping_status":"open","sticky":false,"template":"","format":"standard","meta":{"footnotes":""},"categories":[24,2],"tags":[],"class_list":["post-1994","post","type-post","status-publish","format-standard","has-post-thumbnail","hentry","category-fundraising","category-news"],"_links":{"self":[{"href":"https:\/\/fv-montanregion-erzgebirge.de\/montan\/wp-json\/wp\/v2\/posts\/1994","targetHints":{"allow":["GET"]}}],"collection":[{"href":"https:\/\/fv-montanregion-erzgebirge.de\/montan\/wp-json\/wp\/v2\/posts"}],"about":[{"href":"https:\/\/fv-montanregion-erzgebirge.de\/montan\/wp-json\/wp\/v2\/types\/post"}],"author":[{"embeddable":true,"href":"https:\/\/fv-montanregion-erzgebirge.de\/montan\/wp-json\/wp\/v2\/users\/10"}],"replies":[{"embeddable":true,"href":"https:\/\/fv-montanregion-erzgebirge.de\/montan\/wp-json\/wp\/v2\/comments?post=1994"}],"version-history":[{"count":2,"href":"https:\/\/fv-montanregion-erzgebirge.de\/montan\/wp-json\/wp\/v2\/posts\/1994\/revisions"}],"predecessor-version":[{"id":2003,"href":"https:\/\/fv-montanregion-erzgebirge.de\/montan\/wp-json\/wp\/v2\/posts\/1994\/revisions\/2003"}],"wp:featuredmedia":[{"embeddable":true,"href":"https:\/\/fv-montanregion-erzgebirge.de\/montan\/wp-json\/wp\/v2\/media\/446"}],"wp:attachment":[{"href":"https:\/\/fv-montanregion-erzgebirge.de\/montan\/wp-json\/wp\/v2\/media?parent=1994"}],"wp:term":[{"taxonomy":"category","embeddable":true,"href":"https:\/\/fv-montanregion-erzgebirge.de\/montan\/wp-json\/wp\/v2\/categories?post=1994"},{"taxonomy":"post_tag","embeddable":true,"href":"https:\/\/fv-montanregion-erzgebirge.de\/montan\/wp-json\/wp\/v2\/tags?post=1994"}],"curies":[{"name":"wp","href":"https:\/\/api.w.org\/{rel}","templated":true}]}}