{"id":1884,"date":"2022-02-19T12:07:17","date_gmt":"2022-02-19T11:07:17","guid":{"rendered":"https:\/\/fv-montanregion-erzgebirge.de\/montan\/?p=1884"},"modified":"2022-02-21T10:46:01","modified_gmt":"2022-02-21T09:46:01","slug":"einladung-zum-3-fachtag","status":"publish","type":"post","link":"https:\/\/fv-montanregion-erzgebirge.de\/montan\/einladung-zum-3-fachtag\/","title":{"rendered":"EINLADUNG ZUM 3. FACHTAG"},"content":{"rendered":"<section  class='av_textblock_section av-kztqc2q4-2623c86d53f759f9b643b9ec686294e7'  itemscope=\"itemscope\" itemtype=\"https:\/\/schema.org\/BlogPosting\" itemprop=\"blogPost\" ><div class='avia_textblock'  itemprop=\"text\" ><p>Zum Abschluss unseres Kooperationsprojektes \u201eBerggeschrey.2018\u201c l\u00e4dt der F\u00f6rderverein Montanregion Erzgebirge e.V. alle Akteure und Interessierten\u00a0<strong>am 12. M\u00e4rz 2022 ab 09.30 Uhr zum dritten Fachtag\u00a0<\/strong>in unsere LEADER-Region Zw\u00f6nitztal-Greifensteine ein. Veranstaltungsort wird der Saal der Zinnerz Ehrenfriedersdorf GmbH am Sauberg sein. (Am Sauberg 1, 09427 Ehrenfriedersdorf)<\/p>\n<p>Gemeinsam mit allen acht beteiligten LEADER-Regionen und den Ehrenamtlern wird auf das Projekt zur\u00fcckgeblickt, es werden Schl\u00fcsse f\u00fcr zuk\u00fcnftige Vorhaben gezogen sowie das gro\u00dfe Thema Welterbe beleuchtet und daraufhin Perspektiven ge\u00f6ffnet. Des Weiteren werden die Regionen \u00fcber etwaig zuk\u00fcnftige F\u00f6rderm\u00f6glichkeiten berichten. Danach bietet sich abschlie\u00dfend noch die M\u00f6glichkeit an einer kostenfreien F\u00fchrung in der Zinngrube Ehrenfriedersdorf teilzunehmen.<\/p>\n<p><strong>Eine vorherige Anmeldung ist notwendig. Interessierte k\u00f6nnen sich dazu bis zum 07. M\u00e4rz 2022 per E-Mail anmelden:<\/strong><\/p>\n<p><strong><a href=\"mailto:berggeschrey@fv-montanregion-erzgebirge.de\" target=\"_blank\" rel=\"noopener noreferrer\">berggeschrey@fv-montanregion-erzgebirge.de<\/a>.<\/strong><\/p>\n<p>Sollte wegen der Corona-Pandemie eine Pr\u00e4senzveranstaltung nicht m\u00f6glich sein, wird diese Veranstaltung als Webinar durchgef\u00fchrt.<\/p>\n<p>Download der Einladung:<\/p>\n<p><a href=\"https:\/\/fv-montanregion-erzgebirge.de\/montan\/wp-content\/uploads\/2022\/02\/Einladung_3.Fachtag_Berggeschrey.pdf\" target=\"_blank\" rel=\"noopener\">Einladung 3.Fachtag Berggeschrey am 12.3.22 in Ehrenfriedersdorf<\/a><\/p>\n<\/div><\/section>\n","protected":false},"excerpt":{"rendered":"<p>Zum Abschluss unseres Kooperationsprojektes \u201eBerggeschrey.2018\u201c l\u00e4dt der F\u00f6rderverein Montanregion Erzgebirge e.V. alle Akteure und Interessierten\u00a0am 12. M\u00e4rz 2022 ab 09.30 Uhr zum dritten Fachtag\u00a0in unsere LEADER-Region Zw\u00f6nitztal-Greifensteine ein. Veranstaltungsort wird der Saal der Zinnerz Ehrenfriedersdorf GmbH am Sauberg sein. (Am Sauberg 1, 09427 Ehrenfriedersdorf).<\/p>\n","protected":false},"author":1,"featured_media":1872,"comment_status":"closed","ping_status":"open","sticky":false,"template":"","format":"standard","meta":{"footnotes":""},"categories":[14],"tags":[],"class_list":["post-1884","post","type-post","status-publish","format-standard","has-post-thumbnail","hentry","category-berggeschrey"],"_links":{"self":[{"href":"https:\/\/fv-montanregion-erzgebirge.de\/montan\/wp-json\/wp\/v2\/posts\/1884","targetHints":{"allow":["GET"]}}],"collection":[{"href":"https:\/\/fv-montanregion-erzgebirge.de\/montan\/wp-json\/wp\/v2\/posts"}],"about":[{"href":"https:\/\/fv-montanregion-erzgebirge.de\/montan\/wp-json\/wp\/v2\/types\/post"}],"author":[{"embeddable":true,"href":"https:\/\/fv-montanregion-erzgebirge.de\/montan\/wp-json\/wp\/v2\/users\/1"}],"replies":[{"embeddable":true,"href":"https:\/\/fv-montanregion-erzgebirge.de\/montan\/wp-json\/wp\/v2\/comments?post=1884"}],"version-history":[{"count":4,"href":"https:\/\/fv-montanregion-erzgebirge.de\/montan\/wp-json\/wp\/v2\/posts\/1884\/revisions"}],"predecessor-version":[{"id":1906,"href":"https:\/\/fv-montanregion-erzgebirge.de\/montan\/wp-json\/wp\/v2\/posts\/1884\/revisions\/1906"}],"wp:featuredmedia":[{"embeddable":true,"href":"https:\/\/fv-montanregion-erzgebirge.de\/montan\/wp-json\/wp\/v2\/media\/1872"}],"wp:attachment":[{"href":"https:\/\/fv-montanregion-erzgebirge.de\/montan\/wp-json\/wp\/v2\/media?parent=1884"}],"wp:term":[{"taxonomy":"category","embeddable":true,"href":"https:\/\/fv-montanregion-erzgebirge.de\/montan\/wp-json\/wp\/v2\/categories?post=1884"},{"taxonomy":"post_tag","embeddable":true,"href":"https:\/\/fv-montanregion-erzgebirge.de\/montan\/wp-json\/wp\/v2\/tags?post=1884"}],"curies":[{"name":"wp","href":"https:\/\/api.w.org\/{rel}","templated":true}]}}